{"id":6144,"date":"2024-02-19T01:10:51","date_gmt":"2024-02-19T01:10:51","guid":{"rendered":"http:\/\/www.salesianobelgrano.edu.ar\/?p=6144"},"modified":"2024-02-20T22:06:08","modified_gmt":"2024-02-20T22:06:08","slug":"aguinaldo-salesiano-2024","status":"publish","type":"post","link":"https:\/\/www.salesianobelgrano.edu.ar\/?p=6144","title":{"rendered":"AGUINALDO SALESIANO 2024"},"content":{"rendered":"<div class=\"itemIntroText\">\n<p>En 2024, la Familia Salesiana de todo el mundo celebrar\u00e1 el segundo centenario del sue\u00f1o que Juan Bosco &#8211; el futuro Don Bosco &#8211; tuvo en 1824, a la edad de nueve a\u00f1os. De hecho, es bien conocido en la Familia Salesiana como \u00abel sue\u00f1o de los nueve a\u00f1os\u00bb. Por este motivo, el Rector Mayor de los Salesianos de Don Bosco, Padre y Centro de Unidad de la Familia Salesiana, ha decidido dedicar a este sue\u00f1o el tema del Aguinaldo para 2024, y como cada a\u00f1o, al concluir la sesi\u00f3n plenaria de verano del Consejo General, anunci\u00f3 el lema que lo inspirar\u00e1: &#8216;El sue\u00f1o que nos hace so\u00f1ar&#8217;. Un coraz\u00f3n que convierte a los \u2018lobos\u2019 en \u2018corderos\u2019.<\/p>\n<\/div>\n<div class=\"itemFullText\">\n<p>El texto completo de la presentaci\u00f3n del lema del Aguinaldo para 2024 est\u00e1 disponible en cinco idiomas, les compartimos su versi\u00f3n en espa\u00f1ol: <a href=\"https:\/\/archive.sdb.org\/Documenti\/Rettor_Maggiore\/strenna\/2024\/Strenna_2024_Presentazione_es.pdf\" target=\"_blank\" rel=\"noopener noreferrer\"><span style=\"color: #0000ff;\"><strong>AGUINALDO 2024<\/strong><\/span><\/a><\/p>\n<p><iframe loading=\"lazy\" title=\"Strenna del Rettor Maggiore 2024 SP\" width=\"660\" height=\"371\" src=\"https:\/\/www.youtube.com\/embed\/YjHU-36HW9Q?feature=oembed\" frameborder=\"0\" allow=\"accelerometer; autoplay; clipboard-write; encrypted-media; gyroscope; picture-in-picture; web-share\" referrerpolicy=\"strict-origin-when-cross-origin\" allowfullscreen><\/iframe><\/p>\n<p><a href=\"http:\/\/www.salesianobelgrano.edu.ar\/wp-content\/uploads\/2024\/02\/webES.jpg\"><img loading=\"lazy\" decoding=\"async\" class=\"alignnone size-full wp-image-6145\" src=\"http:\/\/www.salesianobelgrano.edu.ar\/wp-content\/uploads\/2024\/02\/webES.jpg\" alt=\"\" width=\"840\" height=\"601\"><\/a><\/p>\n<p><em>Fuente: https:\/\/www.sdb.org\/es<\/em><\/p>\n<\/div>\n","protected":false},"excerpt":{"rendered":"<p>En 2024, la Familia Salesiana de todo el mundo celebrar\u00e1 el segundo centenario del sue\u00f1o que Juan Bosco &#8211; el futuro Don Bosco &#8211; tuvo en 1824, a la edad de nueve a\u00f1os. De hecho, es bien conocido en la Familia Salesiana como \u00abel sue\u00f1o de los nueve a\u00f1os\u00bb. Por este motivo, el Rector Mayor &hellip; <a href=\"https:\/\/www.salesianobelgrano.edu.ar\/?p=6144\" class=\"more-link\">Sigue leyendo <span class=\"screen-reader-text\">AGUINALDO SALESIANO 2024<\/span><\/a><\/p>\n","protected":false},"author":2,"featured_media":6147,"comment_status":"open","ping_status":"open","sticky":false,"template":"","format":"standard","meta":{"ngg_post_thumbnail":0,"footnotes":""},"categories":[1,10],"tags":[],"class_list":["post-6144","post","type-post","status-publish","format-standard","has-post-thumbnail","hentry","category-noticias","category-tramites-virtuales"],"_links":{"self":[{"href":"https:\/\/www.salesianobelgrano.edu.ar\/index.php?rest_route=\/wp\/v2\/posts\/6144","targetHints":{"allow":["GET"]}}],"collection":[{"href":"https:\/\/www.salesianobelgrano.edu.ar\/index.php?rest_route=\/wp\/v2\/posts"}],"about":[{"href":"https:\/\/www.salesianobelgrano.edu.ar\/index.php?rest_route=\/wp\/v2\/types\/post"}],"author":[{"embeddable":true,"href":"https:\/\/www.salesianobelgrano.edu.ar\/index.php?rest_route=\/wp\/v2\/users\/2"}],"replies":[{"embeddable":true,"href":"https:\/\/www.salesianobelgrano.edu.ar\/index.php?rest_route=%2Fwp%2Fv2%2Fcomments&post=6144"}],"version-history":[{"count":2,"href":"https:\/\/www.salesianobelgrano.edu.ar\/index.php?rest_route=\/wp\/v2\/posts\/6144\/revisions"}],"predecessor-version":[{"id":6149,"href":"https:\/\/www.salesianobelgrano.edu.ar\/index.php?rest_route=\/wp\/v2\/posts\/6144\/revisions\/6149"}],"wp:featuredmedia":[{"embeddable":true,"href":"https:\/\/www.salesianobelgrano.edu.ar\/index.php?rest_route=\/wp\/v2\/media\/6147"}],"wp:attachment":[{"href":"https:\/\/www.salesianobelgrano.edu.ar\/index.php?rest_route=%2Fwp%2Fv2%2Fmedia&parent=6144"}],"wp:term":[{"taxonomy":"category","embeddable":true,"href":"https:\/\/www.salesianobelgrano.edu.ar\/index.php?rest_route=%2Fwp%2Fv2%2Fcategories&post=6144"},{"taxonomy":"post_tag","embeddable":true,"href":"https:\/\/www.salesianobelgrano.edu.ar\/index.php?rest_route=%2Fwp%2Fv2%2Ftags&post=6144"}],"curies":[{"name":"wp","href":"https:\/\/api.w.org\/{rel}","templated":true}]}}