{"id":6158,"date":"2024-03-03T15:40:15","date_gmt":"2024-03-03T15:40:15","guid":{"rendered":"http:\/\/www.salesianobelgrano.edu.ar\/?p=6158"},"modified":"2024-03-03T15:41:50","modified_gmt":"2024-03-03T15:41:50","slug":"valdocco-vive-en-nuestro-patio","status":"publish","type":"post","link":"https:\/\/www.salesianobelgrano.edu.ar\/?p=6158","title":{"rendered":"Valdocco Vive en nuestro Patio"},"content":{"rendered":"<p>El Equipo de Animaci\u00f3n Vocacional, en conjunto con el Equipo de Comunicaci\u00f3n Social, realizaron el proyecto \u201cValdocco Vive\u201d. El mismo tiene como objetivo concientizar e impulsar la cultura vocacional en las casas de la Inspector\u00eda.<\/p>\n<p>La propuesta busca revivir esa experiencia tan profunda que fue la del patio de Valdocco en los tiempos de Don Bosco. Su presencia fue transformadora, no s\u00f3lo brind\u00f3 oportunidades educativas a los j\u00f3venes, sino que tambi\u00e9n cre\u00f3 un ambiente de amor, alegr\u00eda y sentido de comunidad.<\/p>\n<p>El proyecto intenta conectar con esos valores tan genuinos de la experiencia de Valdocco para desde ah\u00ed acompa\u00f1ar a los j\u00f3venes en su orientaci\u00f3n vocacional.<\/p>\n<p>La primera etapa de la campa\u00f1a est\u00e1 orientada a los n\u00facleos de animaci\u00f3n de las casas, es decir, aquellas personas que son responsables de llevar adelante las actividades y propuestas en cada lugar.<\/p>\n<p>A trav\u00e9s de encuentros comunitarios a realizar durante el a\u00f1o, el n\u00facleo animador abordar\u00e1 5 ejes tem\u00e1ticos claves: ambiente de familia; amabilidad y empat\u00eda; oraci\u00f3n y el discernimiento; compromiso y solidaridad; y por \u00faltimo, proyecto y comunidad.<\/p>\n<p>Se espera que el n\u00facleo animador pueda mirar su experiencia carism\u00e1tica personal, acercarse a la propuesta de valores que construyen una cultura vocacional y desde all\u00ed leer la propia realidad de la Casa Salesiana donde est\u00e1n trabajando para poder encaminar una propuesta concreta que refuerce la cultura vocacional.<\/p>\n<p>Fuente: donbosconorte.org<\/p>\n<p><iframe loading=\"lazy\" title=\"Valdocco Vive\" width=\"660\" height=\"371\" src=\"https:\/\/www.youtube.com\/embed\/obv0bny8hUw?start=1&#038;feature=oembed\" frameborder=\"0\" allow=\"accelerometer; autoplay; clipboard-write; encrypted-media; gyroscope; picture-in-picture; web-share\" referrerpolicy=\"strict-origin-when-cross-origin\" allowfullscreen><\/iframe><\/p>\n","protected":false},"excerpt":{"rendered":"<p>El Equipo de Animaci\u00f3n Vocacional, en conjunto con el Equipo de Comunicaci\u00f3n Social, realizaron el proyecto \u201cValdocco Vive\u201d. El mismo tiene como objetivo concientizar e impulsar la cultura vocacional en las casas de la Inspector\u00eda. La propuesta busca revivir esa experiencia tan profunda que fue la del patio de Valdocco en los tiempos de Don &hellip; <a href=\"https:\/\/www.salesianobelgrano.edu.ar\/?p=6158\" class=\"more-link\">Sigue leyendo <span class=\"screen-reader-text\">Valdocco Vive en nuestro Patio<\/span><\/a><\/p>\n","protected":false},"author":2,"featured_media":6159,"comment_status":"open","ping_status":"open","sticky":false,"template":"","format":"standard","meta":{"ngg_post_thumbnail":0,"footnotes":""},"categories":[1],"tags":[],"class_list":["post-6158","post","type-post","status-publish","format-standard","has-post-thumbnail","hentry","category-noticias"],"_links":{"self":[{"href":"https:\/\/www.salesianobelgrano.edu.ar\/index.php?rest_route=\/wp\/v2\/posts\/6158","targetHints":{"allow":["GET"]}}],"collection":[{"href":"https:\/\/www.salesianobelgrano.edu.ar\/index.php?rest_route=\/wp\/v2\/posts"}],"about":[{"href":"https:\/\/www.salesianobelgrano.edu.ar\/index.php?rest_route=\/wp\/v2\/types\/post"}],"author":[{"embeddable":true,"href":"https:\/\/www.salesianobelgrano.edu.ar\/index.php?rest_route=\/wp\/v2\/users\/2"}],"replies":[{"embeddable":true,"href":"https:\/\/www.salesianobelgrano.edu.ar\/index.php?rest_route=%2Fwp%2Fv2%2Fcomments&post=6158"}],"version-history":[{"count":2,"href":"https:\/\/www.salesianobelgrano.edu.ar\/index.php?rest_route=\/wp\/v2\/posts\/6158\/revisions"}],"predecessor-version":[{"id":6161,"href":"https:\/\/www.salesianobelgrano.edu.ar\/index.php?rest_route=\/wp\/v2\/posts\/6158\/revisions\/6161"}],"wp:featuredmedia":[{"embeddable":true,"href":"https:\/\/www.salesianobelgrano.edu.ar\/index.php?rest_route=\/wp\/v2\/media\/6159"}],"wp:attachment":[{"href":"https:\/\/www.salesianobelgrano.edu.ar\/index.php?rest_route=%2Fwp%2Fv2%2Fmedia&parent=6158"}],"wp:term":[{"taxonomy":"category","embeddable":true,"href":"https:\/\/www.salesianobelgrano.edu.ar\/index.php?rest_route=%2Fwp%2Fv2%2Fcategories&post=6158"},{"taxonomy":"post_tag","embeddable":true,"href":"https:\/\/www.salesianobelgrano.edu.ar\/index.php?rest_route=%2Fwp%2Fv2%2Ftags&post=6158"}],"curies":[{"name":"wp","href":"https:\/\/api.w.org\/{rel}","templated":true}]}}