{"id":6169,"date":"2024-03-06T14:58:11","date_gmt":"2024-03-06T14:58:11","guid":{"rendered":"http:\/\/www.salesianobelgrano.edu.ar\/?p=6169"},"modified":"2024-03-06T14:58:11","modified_gmt":"2024-03-06T14:58:11","slug":"el-rector-mayor-tiene-sede-titular-en-ursona","status":"publish","type":"post","link":"https:\/\/www.salesianobelgrano.edu.ar\/?p=6169","title":{"rendered":"El rector mayor tiene sede titular en Ursona"},"content":{"rendered":"<p>El martes 5 de marzo de 2024, la Sala de Prensa de la Santa Sede anunci\u00f3 que el Santo Padre Francisco ha asignado al Cardenal \u00c1ngel Fern\u00e1ndez Artime, SDB, Rector Mayor de la Sociedad Salesiana de San Juan Bosco, la Sede titular de Ursona, con dignidad arzobispal, en vista de su ordenaci\u00f3n[divider] episcopal programada para el pr\u00f3ximo 20 de abril.<\/p>\n<p>\u00c1ngel Fern\u00e1ndez Artime, X Sucesor de Don Bosco al frente de la Congregaci\u00f3n Salesiana (elegido por primera vez en 2014 y confirmado en 2020), fue preconizado cardenal por el Papa Francisco despu\u00e9s del \u00c1ngelus del domingo 9 de julio de 2023, y recibi\u00f3 el birrete y el anillo cardenalicio en el Consistorio Ordinario p\u00fablico del 30 de septiembre siguiente.<\/p>\n<p>El mi\u00e9rcoles 4 de octubre recibi\u00f3 su primera asignaci\u00f3n en la Curia Romana, siendo nombrado miembro del Dicasterio para los Institutos de Vida Consagrada y las Sociedades de Vida Apost\u00f3lica (DIVCSVA).<\/p>\n<p>El pasado 17 de diciembre de 2023, el Card. Fern\u00e1ndez Artime tom\u00f3 posesi\u00f3n de la diacon\u00eda de Santa Mar\u00eda Auxiliadora en la Via Tuscolana, asignada por el mismo Pont\u00edfice.<\/p>\n<p>Seg\u00fan las disposiciones para la Congregaci\u00f3n Salesiana establecidas por el Santo Padre, el Card. Fern\u00e1ndez Artime ya ha convocado el 29\u00b0 Cap\u00edtulo General de la Congregaci\u00f3n (que se llevar\u00e1 a cabo del 16 de febrero al 12 de abril de 2025) en el cual se elegir\u00e1 a su Sucesor al frente de la Sociedad Salesiana; y despu\u00e9s de renunciar como Rector Mayor, se pondr\u00e1 a disposici\u00f3n del Santo Padre para la misi\u00f3n que le sea encomendada.<\/p>\n<p>Fuente: infoans.org<\/p>\n","protected":false},"excerpt":{"rendered":"<p>El martes 5 de marzo de 2024, la Sala de Prensa de la Santa Sede anunci\u00f3 que el Santo Padre Francisco ha asignado al Cardenal \u00c1ngel Fern\u00e1ndez Artime, SDB, Rector Mayor de la Sociedad Salesiana de San Juan Bosco, la Sede titular de Ursona, con dignidad arzobispal, en vista de su ordenaci\u00f3n[divider] episcopal programada para &hellip; <a href=\"https:\/\/www.salesianobelgrano.edu.ar\/?p=6169\" class=\"more-link\">Sigue leyendo <span class=\"screen-reader-text\">El rector mayor tiene sede titular en Ursona<\/span><\/a><\/p>\n","protected":false},"author":2,"featured_media":6170,"comment_status":"open","ping_status":"open","sticky":false,"template":"","format":"standard","meta":{"ngg_post_thumbnail":0,"footnotes":""},"categories":[1],"tags":[],"class_list":["post-6169","post","type-post","status-publish","format-standard","has-post-thumbnail","hentry","category-noticias"],"_links":{"self":[{"href":"https:\/\/www.salesianobelgrano.edu.ar\/index.php?rest_route=\/wp\/v2\/posts\/6169","targetHints":{"allow":["GET"]}}],"collection":[{"href":"https:\/\/www.salesianobelgrano.edu.ar\/index.php?rest_route=\/wp\/v2\/posts"}],"about":[{"href":"https:\/\/www.salesianobelgrano.edu.ar\/index.php?rest_route=\/wp\/v2\/types\/post"}],"author":[{"embeddable":true,"href":"https:\/\/www.salesianobelgrano.edu.ar\/index.php?rest_route=\/wp\/v2\/users\/2"}],"replies":[{"embeddable":true,"href":"https:\/\/www.salesianobelgrano.edu.ar\/index.php?rest_route=%2Fwp%2Fv2%2Fcomments&post=6169"}],"version-history":[{"count":1,"href":"https:\/\/www.salesianobelgrano.edu.ar\/index.php?rest_route=\/wp\/v2\/posts\/6169\/revisions"}],"predecessor-version":[{"id":6171,"href":"https:\/\/www.salesianobelgrano.edu.ar\/index.php?rest_route=\/wp\/v2\/posts\/6169\/revisions\/6171"}],"wp:featuredmedia":[{"embeddable":true,"href":"https:\/\/www.salesianobelgrano.edu.ar\/index.php?rest_route=\/wp\/v2\/media\/6170"}],"wp:attachment":[{"href":"https:\/\/www.salesianobelgrano.edu.ar\/index.php?rest_route=%2Fwp%2Fv2%2Fmedia&parent=6169"}],"wp:term":[{"taxonomy":"category","embeddable":true,"href":"https:\/\/www.salesianobelgrano.edu.ar\/index.php?rest_route=%2Fwp%2Fv2%2Fcategories&post=6169"},{"taxonomy":"post_tag","embeddable":true,"href":"https:\/\/www.salesianobelgrano.edu.ar\/index.php?rest_route=%2Fwp%2Fv2%2Ftags&post=6169"}],"curies":[{"name":"wp","href":"https:\/\/api.w.org\/{rel}","templated":true}]}}